{"id":417,"date":"2024-07-04T17:49:15","date_gmt":"2024-07-04T15:49:15","guid":{"rendered":"https:\/\/lms-privatschule.ch\/?p=417"},"modified":"2024-07-04T18:21:45","modified_gmt":"2024-07-04T16:21:45","slug":"neueroeffnung-unserer-privatschule-in-geroldswil","status":"publish","type":"post","link":"https:\/\/lms-privatschule.ch\/en\/2024\/07\/04\/neueroeffnung-unserer-privatschule-in-geroldswil\/","title":{"rendered":"Grand opening of our private school in Geroldswil"},"content":{"rendered":"<p class=\"has-albert-sans-font-family wp-block-paragraph\">We are delighted to announce the grand opening of our private school in Geroldswil! On August 19, 2024, we will open our doors and launch a comprehensive educational program encompassing a daycare center, kindergarten, primary school, and middle school. Our goal is to provide children with a high-quality, holistic education that optimally prepares them for their future.<\/p>\n\n\n\n<h3 class=\"wp-block-heading\">Our vision<\/h3>\n\n\n\n<p class=\"has-albert-sans-font-family wp-block-paragraph\">Our school combines elements of Curriculum 21 and Montessori pedagogy to create a learning environment where each child is individually supported and challenged. We believe in the potential and talents of every child and want to offer them the best possible opportunities to flourish and develop their abilities.<\/p>\n\n\n\n<h3 class=\"wp-block-heading\">The educational levels<\/h3>\n\n\n\n<ul class=\"wp-block-list\">\n<li class=\"has-albert-sans-font-family\"><strong>Daycare center:<\/strong>&nbsp;In our daycare center, we place great emphasis on a loving and safe environment where the youngest children can playfully develop their first social and cognitive skills.<\/li>\n\n\n\n<li class=\"has-albert-sans-font-family\"><strong>Kindergarten:<\/strong>&nbsp;In kindergarten, we encourage children&#039;s natural curiosity and offer them diverse opportunities to discover and understand the world around them.<\/li>\n\n\n\n<li class=\"has-albert-sans-font-family\"><strong>Primary level:<\/strong>&nbsp;In primary school, we focus on a solid basic education, supplemented by creative and practical learning methods. Here, we lay the foundation for lifelong learning.<\/li>\n\n\n\n<li class=\"has-albert-sans-font-family\"><strong>Intermediate level:<\/strong>&nbsp;The middle school prepares students for secondary school and their professional future. We place great emphasis on independent learning and critical thinking.<\/li>\n<\/ul>\n\n\n\n<h3 class=\"wp-block-heading\">Our team<\/h3>\n\n\n\n<p class=\"has-albert-sans-font-family wp-block-paragraph\">Our headmistress, Ms. Asanin, and our dedicated team of teachers look forward to welcoming you and your children to our school community. With extensive experience and a passion for education, the entire LMS team will guide the students through the coming school year and ensure that every child receives the support they need.<\/p>\n\n\n\n<h3 class=\"wp-block-heading\">Registration and further information<\/h3>\n\n\n\n<p class=\"has-albert-sans-font-family wp-block-paragraph\">We are proud to open a school in Geroldswil that meets the highest educational standards. If you are interested in enrolling your child with us, or would like further information, please visit our website or contact us directly.<\/p>\n\n\n\n<p class=\"has-albert-sans-font-family wp-block-paragraph\">We look forward to a successful and inspiring time in Geroldswil and to starting an exciting new school year together with you and your children.<\/p>\n\n\n\n<p class=\"has-albert-sans-font-family wp-block-paragraph\">Welcome to our new private school!<\/p>","protected":false},"excerpt":{"rendered":"<p>Wir freuen uns, die Neuer\u00f6ffnung unserer Privatschule in Geroldswil bekanntzugeben! Am 19. August 2024 \u00f6ffnen wir unsere Tore und starten mit einem umfassenden Bildungsangebot, das eine Kita, einen Kindergarten, eine Primarstufe und eine Mittelstufe umfasst. Unser Ziel ist es, Kindern eine qualitativ hochwertige und ganzheitliche Bildung zu bieten, die sie optimal auf ihre Zukunft vorbereitet. [&hellip;]<\/p>\n","protected":false},"author":247063526,"featured_media":402,"comment_status":"open","ping_status":"open","sticky":false,"template":"","format":"standard","meta":{"_acf_changed":false,"_eb_attr":"","advanced_seo_description":"","jetpack_seo_html_title":"","jetpack_seo_noindex":false,"jetpack_seo_schema_type":"","_jetpack_newsletter_access":"","_jetpack_dont_email_post_to_subs":false,"_jetpack_newsletter_tier_id":0,"_jetpack_memberships_contains_paywalled_content":false,"_wpcom_ai_launchpad_first_post":false,"_jetpack_feature_clip_id":0,"_jetpack_memberships_contains_paid_content":false,"footnotes":"","jetpack_publicize_message":"{title}\n\n{excerpt}\n\n{url}","jetpack_publicize_feature_enabled":true,"jetpack_social_post_already_shared":true,"jetpack_social_options":{"image_generator_settings":{"template":"highway","default_image_id":0,"font":"","enabled":false},"version":2},"_wpas_customize_per_network":false,"jetpack_post_was_ever_published":false},"categories":[2710],"tags":[],"class_list":["post-417","post","type-post","status-publish","format-standard","has-post-thumbnail","hentry","category-allgemein"],"acf":[],"mb":[],"jetpack_publicize_connections":[],"jetpack_likes_enabled":true,"jetpack_sharing_enabled":true,"jetpack_shortlink":"https:\/\/wp.me\/pfNxEx-6J","jetpack-related-posts":[{"id":387,"url":"https:\/\/lms-privatschule.ch\/en\/2024\/07\/04\/rueckblick-auf-den-infoabend-am-2-juli-in-geroldswil\/","url_meta":{"origin":417,"position":0},"title":"Looking back at the information evening on July 2nd in Geroldswil","author":"Victoria Asanin","date":"4. July 2024","format":false,"excerpt":"On July 2nd, the time had come again: Our second information evening took place in the multi-purpose hall in Geroldswil. From 7:00 pm to 8:00 pm, we had the great honor of welcoming numerous interested parents and family members and introducing our new private school. The evening offered a wonderful opportunity to share our vision and\u2026","rel":"","context":"In &quot;Allgemein&quot;","block_context":{"text":"Allgemein","link":"https:\/\/lms-privatschule.ch\/en\/category\/allgemein\/"},"img":{"alt_text":"","src":"https:\/\/i0.wp.com\/lms-privatschule.ch\/wp-content\/uploads\/2024\/07\/IMG_4960Klein.jpg?fit=1200%2C900&ssl=1&resize=350%2C200","width":350,"height":200,"srcset":"https:\/\/i0.wp.com\/lms-privatschule.ch\/wp-content\/uploads\/2024\/07\/IMG_4960Klein.jpg?fit=1200%2C900&ssl=1&resize=350%2C200 1x, https:\/\/i0.wp.com\/lms-privatschule.ch\/wp-content\/uploads\/2024\/07\/IMG_4960Klein.jpg?fit=1200%2C900&ssl=1&resize=525%2C300 1.5x, https:\/\/i0.wp.com\/lms-privatschule.ch\/wp-content\/uploads\/2024\/07\/IMG_4960Klein.jpg?fit=1200%2C900&ssl=1&resize=700%2C400 2x, https:\/\/i0.wp.com\/lms-privatschule.ch\/wp-content\/uploads\/2024\/07\/IMG_4960Klein.jpg?fit=1200%2C900&ssl=1&resize=1050%2C600 3x"},"classes":[]},{"id":1877,"url":"https:\/\/lms-privatschule.ch\/en\/2025\/05\/13\/die-zukunft-beginnt-im-klassenzimmer-unser-neues-lernkonzept-mit-ki-wald-tiefgang\/","url_meta":{"origin":417,"position":1},"title":"The future begins in the classroom: our new learning concept with AI, forests, and depth","author":"Victoria Asanin","date":"13. May 2025","format":false,"excerpt":"Die Welt ver\u00e4ndert sich \u2013 und mit ihr die Anforderungen an die Bildung unserer Kinder. Als\u00a0LMS Privatschule in Geroldswil\u00a0wollen wir nicht nur Schritt halten, sondern Vorreiter sein. Deshalb f\u00fchren wir ein zukunftsweisendes Lernmodell ein, das neu denkt, wie Lernen funktioniert:\u00a0digital unterst\u00fctzt, pers\u00f6nlich begleitet und mit Raum f\u00fcr Entfaltung\u00a0\u2013 orientiert am\u00a0Lehrplan\u2026","rel":"","context":"In &quot;Allgemein&quot;","block_context":{"text":"Allgemein","link":"https:\/\/lms-privatschule.ch\/en\/category\/allgemein\/"},"img":{"alt_text":"","src":"https:\/\/i0.wp.com\/lms-privatschule.ch\/wp-content\/uploads\/2025\/05\/Screenshot-from-2025-04-04-10-13-10.png?fit=403%2C481&ssl=1&resize=350%2C200","width":350,"height":200},"classes":[]},{"id":1073,"url":"https:\/\/lms-privatschule.ch\/en\/2024\/10\/21\/ein-spannender-einblick-unser-besuch-beim-zuercher-kantonsrat\/","url_meta":{"origin":417,"position":2},"title":"An exciting insight: Our visit to the Zurich Cantonal Council","author":"Victoria Asanin","date":"21. October 2024","format":false,"excerpt":"In the week before the autumn holidays, the students of our private school in Geroldswil embarked on a special excursion: a visit to the Zurich Cantonal Council. They were very excited, as it offered a rare opportunity to experience political work in the Canton of Zurich firsthand. Our day began\u2026","rel":"","context":"In &quot;Allgemein&quot;","block_context":{"text":"Allgemein","link":"https:\/\/lms-privatschule.ch\/en\/category\/allgemein\/"},"img":{"alt_text":"","src":"https:\/\/i0.wp.com\/lms-privatschule.ch\/wp-content\/uploads\/2024\/10\/IMG_1007.jpg?fit=1200%2C788&ssl=1&resize=350%2C200","width":350,"height":200,"srcset":"https:\/\/i0.wp.com\/lms-privatschule.ch\/wp-content\/uploads\/2024\/10\/IMG_1007.jpg?fit=1200%2C788&ssl=1&resize=350%2C200 1x, https:\/\/i0.wp.com\/lms-privatschule.ch\/wp-content\/uploads\/2024\/10\/IMG_1007.jpg?fit=1200%2C788&ssl=1&resize=525%2C300 1.5x, https:\/\/i0.wp.com\/lms-privatschule.ch\/wp-content\/uploads\/2024\/10\/IMG_1007.jpg?fit=1200%2C788&ssl=1&resize=700%2C400 2x, https:\/\/i0.wp.com\/lms-privatschule.ch\/wp-content\/uploads\/2024\/10\/IMG_1007.jpg?fit=1200%2C788&ssl=1&resize=1050%2C600 3x"},"classes":[]},{"id":871,"url":"https:\/\/lms-privatschule.ch\/en\/2024\/09\/19\/eine-vision-wird-wirklichkeit-der-start-unserer-privatschule\/","url_meta":{"origin":417,"position":3},"title":"A vision becomes reality \u2013 the launch of our private school","author":"Victoria Asanin","date":"19. September 2024","format":false,"excerpt":"It&#039;s incredible how fast time flies. Just a few months ago, our private school was still a tentative idea \u2013 a dream of a place where children could receive individual support, learn holistically, and grow up in a supportive community. Today, we look back with pride on what we have achieved\u2026","rel":"","context":"In &quot;Allgemein&quot;","block_context":{"text":"Allgemein","link":"https:\/\/lms-privatschule.ch\/en\/category\/allgemein\/"},"img":{"alt_text":"","src":"https:\/\/i0.wp.com\/lms-privatschule.ch\/wp-content\/uploads\/2024\/09\/Kopie-von-LMS-Logo-eckig-Kopie.png?fit=1200%2C600&ssl=1&resize=350%2C200","width":350,"height":200,"srcset":"https:\/\/i0.wp.com\/lms-privatschule.ch\/wp-content\/uploads\/2024\/09\/Kopie-von-LMS-Logo-eckig-Kopie.png?fit=1200%2C600&ssl=1&resize=350%2C200 1x, https:\/\/i0.wp.com\/lms-privatschule.ch\/wp-content\/uploads\/2024\/09\/Kopie-von-LMS-Logo-eckig-Kopie.png?fit=1200%2C600&ssl=1&resize=525%2C300 1.5x, https:\/\/i0.wp.com\/lms-privatschule.ch\/wp-content\/uploads\/2024\/09\/Kopie-von-LMS-Logo-eckig-Kopie.png?fit=1200%2C600&ssl=1&resize=700%2C400 2x, https:\/\/i0.wp.com\/lms-privatschule.ch\/wp-content\/uploads\/2024\/09\/Kopie-von-LMS-Logo-eckig-Kopie.png?fit=1200%2C600&ssl=1&resize=1050%2C600 3x"},"classes":[]},{"id":658,"url":"https:\/\/lms-privatschule.ch\/en\/2024\/08\/19\/unser-erster-schultag-an-der-privatschule\/","url_meta":{"origin":417,"position":4},"title":"Our first day of school at the private school","author":"Victoria Asanin","date":"19. August 2024","format":false,"excerpt":"The first day of school is always a special event \u2013 both for the students and for us as a school. We are all the more pleased that the start of our new school year at the private school was so successful. The excitement and anticipation were palpable for everyone, and it was a day\u2026","rel":"","context":"In &quot;Allgemein&quot;","block_context":{"text":"Allgemein","link":"https:\/\/lms-privatschule.ch\/en\/category\/allgemein\/"},"img":{"alt_text":"","src":"https:\/\/i0.wp.com\/lms-privatschule.ch\/wp-content\/uploads\/2024\/08\/IMG_7615.jpg?fit=1200%2C914&ssl=1&resize=350%2C200","width":350,"height":200,"srcset":"https:\/\/i0.wp.com\/lms-privatschule.ch\/wp-content\/uploads\/2024\/08\/IMG_7615.jpg?fit=1200%2C914&ssl=1&resize=350%2C200 1x, https:\/\/i0.wp.com\/lms-privatschule.ch\/wp-content\/uploads\/2024\/08\/IMG_7615.jpg?fit=1200%2C914&ssl=1&resize=525%2C300 1.5x, https:\/\/i0.wp.com\/lms-privatschule.ch\/wp-content\/uploads\/2024\/08\/IMG_7615.jpg?fit=1200%2C914&ssl=1&resize=700%2C400 2x, https:\/\/i0.wp.com\/lms-privatschule.ch\/wp-content\/uploads\/2024\/08\/IMG_7615.jpg?fit=1200%2C914&ssl=1&resize=1050%2C600 3x"},"classes":[]},{"id":1404,"url":"https:\/\/lms-privatschule.ch\/en\/2024\/12\/12\/samichlausbesuch-an-unserer-privatschule-ein-unvergesslicher-tag-fuer-die-kinder\/","url_meta":{"origin":417,"position":5},"title":"Santa Claus visit to our private school: An unforgettable day for the children","author":"Victoria Asanin","date":"12. December 2024","format":false,"excerpt":"Am 6. Dezember war es endlich soweit: Der Samichlaus und sein treuer Begleiter, der Schmutzli, besuchten unsere Privatschule und sorgten f\u00fcr leuchtende Augen bei den Kindern. Der Besuch war ein Highlight des Jahres und ein ganz besonderer Moment, auf den sich die Kinder schon lange gefreut und auch vorbereitet hatten.\u2026","rel":"","context":"In &quot;Allgemein&quot;","block_context":{"text":"Allgemein","link":"https:\/\/lms-privatschule.ch\/en\/category\/allgemein\/"},"img":{"alt_text":"","src":"https:\/\/i0.wp.com\/lms-privatschule.ch\/wp-content\/uploads\/2024\/12\/IMG_4230.jpg?fit=1200%2C658&ssl=1&resize=350%2C200","width":350,"height":200,"srcset":"https:\/\/i0.wp.com\/lms-privatschule.ch\/wp-content\/uploads\/2024\/12\/IMG_4230.jpg?fit=1200%2C658&ssl=1&resize=350%2C200 1x, https:\/\/i0.wp.com\/lms-privatschule.ch\/wp-content\/uploads\/2024\/12\/IMG_4230.jpg?fit=1200%2C658&ssl=1&resize=525%2C300 1.5x, https:\/\/i0.wp.com\/lms-privatschule.ch\/wp-content\/uploads\/2024\/12\/IMG_4230.jpg?fit=1200%2C658&ssl=1&resize=700%2C400 2x, https:\/\/i0.wp.com\/lms-privatschule.ch\/wp-content\/uploads\/2024\/12\/IMG_4230.jpg?fit=1200%2C658&ssl=1&resize=1050%2C600 3x"},"classes":[]}],"jetpack_featured_media_url":"https:\/\/i0.wp.com\/lms-privatschule.ch\/wp-content\/uploads\/2024\/07\/pexels-photo-18512870.jpeg?fit=1880%2C1254&ssl=1","mfb_rest_fields":["title","jetpack_publicize_connections","jetpack_likes_enabled","jetpack_sharing_enabled","jetpack_shortlink","jetpack-related-posts","gutenberg_elementor_mode","jetpack_featured_media_url"],"_links":{"self":[{"href":"https:\/\/lms-privatschule.ch\/en\/wp-json\/wp\/v2\/posts\/417","targetHints":{"allow":["GET"]}}],"collection":[{"href":"https:\/\/lms-privatschule.ch\/en\/wp-json\/wp\/v2\/posts"}],"about":[{"href":"https:\/\/lms-privatschule.ch\/en\/wp-json\/wp\/v2\/types\/post"}],"author":[{"embeddable":true,"href":"https:\/\/lms-privatschule.ch\/en\/wp-json\/wp\/v2\/users\/247063526"}],"replies":[{"embeddable":true,"href":"https:\/\/lms-privatschule.ch\/en\/wp-json\/wp\/v2\/comments?post=417"}],"version-history":[{"count":6,"href":"https:\/\/lms-privatschule.ch\/en\/wp-json\/wp\/v2\/posts\/417\/revisions"}],"predecessor-version":[{"id":432,"href":"https:\/\/lms-privatschule.ch\/en\/wp-json\/wp\/v2\/posts\/417\/revisions\/432"}],"wp:featuredmedia":[{"embeddable":true,"href":"https:\/\/lms-privatschule.ch\/en\/wp-json\/wp\/v2\/media\/402"}],"wp:attachment":[{"href":"https:\/\/lms-privatschule.ch\/en\/wp-json\/wp\/v2\/media?parent=417"}],"wp:term":[{"taxonomy":"category","embeddable":true,"href":"https:\/\/lms-privatschule.ch\/en\/wp-json\/wp\/v2\/categories?post=417"},{"taxonomy":"post_tag","embeddable":true,"href":"https:\/\/lms-privatschule.ch\/en\/wp-json\/wp\/v2\/tags?post=417"}],"curies":[{"name":"wp","href":"https:\/\/api.w.org\/{rel}","templated":true}]}}