{"id":1877,"date":"2025-05-13T14:42:34","date_gmt":"2025-05-13T12:42:34","guid":{"rendered":"https:\/\/lms-privatschule.ch\/?p=1877"},"modified":"2025-05-13T14:48:56","modified_gmt":"2025-05-13T12:48:56","slug":"die-zukunft-beginnt-im-klassenzimmer-unser-neues-lernkonzept-mit-ki-wald-tiefgang","status":"publish","type":"post","link":"https:\/\/lms-privatschule.ch\/en\/2025\/05\/13\/die-zukunft-beginnt-im-klassenzimmer-unser-neues-lernkonzept-mit-ki-wald-tiefgang\/","title":{"rendered":"The future begins in the classroom: our new learning concept with AI, forests, and depth"},"content":{"rendered":"<p style=\"font-weight: 400;\">The world is changing \u2013 and with it, the demands on our children&#039;s education.\u00a0<strong>LMS Private School in Geroldswil<\/strong>\u00a0We don&#039;t just want to keep pace, we want to be pioneers. That&#039;s why we&#039;re introducing a forward-looking learning model that rethinks how learning works:\u00a0<strong>Digitally supported, personally accompanied and with room for development<\/strong>\u00a0\u2013 based on\u00a0<strong>Curriculum 21<\/strong>, supplemented by international best practices such as the model of\u00a0<strong>Alpha School (USA).<\/strong><\/p>\n<p style=\"font-weight: 400;\"><strong>Learning reimagined: More depth, more time, more personality<\/strong><\/p>\n<ol>\n<li style=\"font-weight: 400;\"><strong> 3 x 45 minutes of core subjects \u2013 focused and child-friendly<\/strong><br \/>\nThe morning is dedicated to focused work on the three main subjects:\u00a0<strong>German, Mathematics and NMG<\/strong>. These so-called\u00a0<strong>Core subjects <\/strong>will be in three\u00a0<strong>intensive 45-minute sessions <\/strong>mediated \u2013 individually accompanied and with the support of a\u00a0<strong>AI tutors<\/strong>, who knows each child&#039;s learning progress precisely and provides support where it is needed. This way, children don&#039;t learn at the same pace, but at their own speed \u2013 efficiently, stress-free, and with lasting learning success. <strong><em>Important: <\/em><\/strong>These 3 x 45 minutes apply\u00a0<strong>only for core subjects<\/strong>. The rest of the timetable remains varied and diverse \u2013 and therefore\u00a0<strong>fully compatible with Curriculum 21<\/strong>.<\/li>\n<\/ol>\n<ol start=\"2\">\n<li style=\"font-weight: 400;\"><strong> More than just AI \u2013 learning remains human.<\/strong><br \/>\nA common misconception about digital learning models is: &quot;The children sit alone at the computer all day.&quot;\u201e\u00a0<strong>Not with us.<\/strong><\/li>\n<\/ol>\n<p style=\"font-weight: 400;\">The AI tutor provides targeted support \u2013 but in no way replaces the teacher. Our children will continue to receive traditional instruction.\u00a0<strong>Lessons in subjects such as sports, religious education, music, or art.<\/strong>\u00a0\u2013 partly as a whole class, partly in small groups. That too.\u00a0<strong>Subject NMG<\/strong>\u00a0The material is not only taught digitally, but also explored in greater depth in the afternoon through in-depth projects together with teachers and learning coaches.<\/p>\n<p style=\"font-weight: 400;\">Our afternoons are therefore as diverse as they are true to life:<\/p>\n<ul style=\"font-weight: 400;\">\n<li>\ud83c\udf33\u00a0<strong>Forest Education \/ NMG<\/strong>\u00a0\u2013 Learning with all senses<\/li>\n<li>\ud83d\udcbb\u00a0<strong>Program<\/strong>\u00a0\u2013 Digital competence<\/li>\n<li>\ud83c\udfa8\u00a0<strong>Creative lessons &amp; project work<\/strong><\/li>\n<li>\u26bd\u00a0<strong>Movement, Play &amp; Sport<\/strong><\/li>\n<\/ul>\n<p style=\"font-weight: 400;\">This way, learning remains\u00a0<strong>balanced between digital and analog<\/strong>, between self-directed and communal. The children experience variety, have time for social interaction, movement and creative development.<\/p>\n<ol start=\"3\">\n<li style=\"font-weight: 400;\"><strong> Learning coaches instead of frontal teaching \u2013 and yet structure<\/strong><br \/>\nOur teachers act as\u00a0<strong>Learning coaches<\/strong>, who provide individualized support, advice, and guidance. This does reduce traditional classroom instruction \u2013\u00a0<strong>but not completely abolished.<\/strong>Many subjects require explanatory input, dialogues, or joint reflections. This will remain unchanged \u2013 with the added benefit of a stronger focus on understanding rather than rote memorization.<\/li>\n<\/ol>\n<p style=\"font-weight: 400;\"><strong>Transparency for parents \u2013 trust through insight<\/strong><\/p>\n<p style=\"font-weight: 400;\">Parents receive <strong>ongoing insight into the learning progress<\/strong>\u00a0their child. Learning goals, progress, and recommendations are clear and comprehensible. This is how education becomes\u00a0<strong>joint trip<\/strong>, supported by school, child and family.<\/p>\n<p style=\"font-weight: 400;\"><strong>Our scholarship program: Education should be possible for everyone.<\/strong><\/p>\n<p style=\"font-weight: 400;\">Education should not be hindered by financial constraints. That&#039;s why we offer a\u00a0<strong>Scholarship program for committed families<\/strong>, We are looking for people interested in this new learning model. Applications are now being accepted \u2013 we look forward to hearing from motivated children and parents.<\/p>\n<p style=\"font-weight: 400;\"><strong>\ud83d\udce9 Invitation to the information day \u2013 June 14, 2025 in Geroldswil<\/strong><\/p>\n<p style=\"font-weight: 400;\">Anyone who would like to understand our model in more detail is cordially invited to\u00a0<strong>Information Day<\/strong>\u00a0at our school. Get to know our team, ask your questions and take a look at our beautiful learning spaces.<\/p>\n<p style=\"font-weight: 400;\"><strong>Conclusion: Learning that suits children<\/strong><\/p>\n<p style=\"font-weight: 400;\">Our learning model creates space for what really matters:\u00a0<strong>Understanding instead of just rote learning. Digitization with heart and mind.<\/strong>\u00a0The children no longer learn just for exams, but for life \u2013 at their own pace, accompanied, strengthened and inspired.<\/p>\n<p style=\"font-weight: 400;\">Because the world of tomorrow needs\u00a0<strong>curious, self-confident and creative people<\/strong>. And these are precisely the qualities we want to foster at the LMS private school.<\/p>\n<p style=\"font-weight: 400;\">\ud83d\udccd\u00a0<a href=\"https:\/\/lms-privatschule.ch\/en\/\">www.lms-privatschule.ch<\/a><br \/>\n\ud83d\udce9\u00a0info@lms-privatschule.ch<\/p>\n<p>&nbsp;<\/p>\n<p style=\"font-weight: 400;\">\u00a0<img data-recalc-dims=\"1\" fetchpriority=\"high\" decoding=\"async\" data-attachment-id=\"1802\" data-permalink=\"https:\/\/lms-privatschule.ch\/en\/screenshot-from-2025-05-10-18-01-49\/\" data-orig-file=\"https:\/\/i0.wp.com\/lms-privatschule.ch\/wp-content\/uploads\/2025\/05\/Screenshot-from-2025-05-10-18-01-49.png?fit=1088%2C941&amp;ssl=1\" data-orig-size=\"1088,941\" data-comments-opened=\"1\" data-image-meta=\"{&quot;aperture&quot;:&quot;0&quot;,&quot;credit&quot;:&quot;&quot;,&quot;camera&quot;:&quot;&quot;,&quot;caption&quot;:&quot;&quot;,&quot;created_timestamp&quot;:&quot;0&quot;,&quot;copyright&quot;:&quot;&quot;,&quot;focal_length&quot;:&quot;0&quot;,&quot;iso&quot;:&quot;0&quot;,&quot;shutter_speed&quot;:&quot;0&quot;,&quot;title&quot;:&quot;&quot;,&quot;orientation&quot;:&quot;0&quot;}\" data-image-title=\"lms-discovery\" data-image-description=\"\" data-image-caption=\"\" data-large-file=\"https:\/\/i0.wp.com\/lms-privatschule.ch\/wp-content\/uploads\/2025\/05\/Screenshot-from-2025-05-10-18-01-49.png?fit=1024%2C886&amp;ssl=1\" class=\"alignnone size-medium wp-image-1802\" src=\"https:\/\/i0.wp.com\/lms-privatschule.ch\/wp-content\/uploads\/2025\/05\/Screenshot-from-2025-05-10-18-01-49.png?resize=300%2C259&#038;ssl=1\" alt=\"\" width=\"300\" height=\"259\" srcset=\"https:\/\/i0.wp.com\/lms-privatschule.ch\/wp-content\/uploads\/2025\/05\/Screenshot-from-2025-05-10-18-01-49.png?resize=300%2C259&amp;ssl=1 300w, https:\/\/i0.wp.com\/lms-privatschule.ch\/wp-content\/uploads\/2025\/05\/Screenshot-from-2025-05-10-18-01-49.png?resize=1024%2C886&amp;ssl=1 1024w, https:\/\/i0.wp.com\/lms-privatschule.ch\/wp-content\/uploads\/2025\/05\/Screenshot-from-2025-05-10-18-01-49.png?resize=768%2C664&amp;ssl=1 768w, https:\/\/i0.wp.com\/lms-privatschule.ch\/wp-content\/uploads\/2025\/05\/Screenshot-from-2025-05-10-18-01-49.png?w=1088&amp;ssl=1 1088w\" sizes=\"(max-width: 300px) 100vw, 300px\" \/> <img data-recalc-dims=\"1\" decoding=\"async\" data-attachment-id=\"1242\" data-permalink=\"https:\/\/lms-privatschule.ch\/en\/2024\/11\/11\/englischunterricht-an-der-lms-privatschule-digitales-lernen-fuer-die-zukunft\/img_2124\/\" data-orig-file=\"https:\/\/i0.wp.com\/lms-privatschule.ch\/wp-content\/uploads\/2024\/11\/IMG_2124-rotated.jpg?fit=2142%2C2856&amp;ssl=1\" data-orig-size=\"2142,2856\" data-comments-opened=\"1\" data-image-meta=\"{&quot;aperture&quot;:&quot;0&quot;,&quot;credit&quot;:&quot;&quot;,&quot;camera&quot;:&quot;&quot;,&quot;caption&quot;:&quot;&quot;,&quot;created_timestamp&quot;:&quot;0&quot;,&quot;copyright&quot;:&quot;&quot;,&quot;focal_length&quot;:&quot;0&quot;,&quot;iso&quot;:&quot;0&quot;,&quot;shutter_speed&quot;:&quot;0&quot;,&quot;title&quot;:&quot;&quot;,&quot;orientation&quot;:&quot;1&quot;}\" data-image-title=\"IMG_2124\" data-image-description=\"\" data-image-caption=\"\" data-large-file=\"https:\/\/i0.wp.com\/lms-privatschule.ch\/wp-content\/uploads\/2024\/11\/IMG_2124-rotated.jpg?fit=768%2C1024&amp;ssl=1\" class=\"alignnone size-medium wp-image-1242\" src=\"https:\/\/i0.wp.com\/lms-privatschule.ch\/wp-content\/uploads\/2024\/11\/IMG_2124.jpg?resize=225%2C300&#038;ssl=1\" alt=\"\" width=\"225\" height=\"300\" srcset=\"https:\/\/i0.wp.com\/lms-privatschule.ch\/wp-content\/uploads\/2024\/11\/IMG_2124-rotated.jpg?resize=225%2C300&amp;ssl=1 225w, https:\/\/i0.wp.com\/lms-privatschule.ch\/wp-content\/uploads\/2024\/11\/IMG_2124-rotated.jpg?resize=768%2C1024&amp;ssl=1 768w, https:\/\/i0.wp.com\/lms-privatschule.ch\/wp-content\/uploads\/2024\/11\/IMG_2124-rotated.jpg?resize=1152%2C1536&amp;ssl=1 1152w, https:\/\/i0.wp.com\/lms-privatschule.ch\/wp-content\/uploads\/2024\/11\/IMG_2124-rotated.jpg?resize=1536%2C2048&amp;ssl=1 1536w, https:\/\/i0.wp.com\/lms-privatschule.ch\/wp-content\/uploads\/2024\/11\/IMG_2124-rotated.jpg?w=2000&amp;ssl=1 2000w\" sizes=\"(max-width: 225px) 100vw, 225px\" \/> <img data-recalc-dims=\"1\" decoding=\"async\" data-attachment-id=\"1217\" data-permalink=\"https:\/\/lms-privatschule.ch\/en\/gallerie\/img_9174\/\" data-orig-file=\"https:\/\/i0.wp.com\/lms-privatschule.ch\/wp-content\/uploads\/2024\/11\/IMG_9174-rotated.jpeg?fit=4284%2C5712&amp;ssl=1\" data-orig-size=\"4284,5712\" data-comments-opened=\"1\" data-image-meta=\"{&quot;aperture&quot;:&quot;1.78&quot;,&quot;credit&quot;:&quot;&quot;,&quot;camera&quot;:&quot;iPhone 15 Pro Max&quot;,&quot;caption&quot;:&quot;&quot;,&quot;created_timestamp&quot;:&quot;1726218226&quot;,&quot;copyright&quot;:&quot;&quot;,&quot;focal_length&quot;:&quot;6.7649998656528&quot;,&quot;iso&quot;:&quot;80&quot;,&quot;shutter_speed&quot;:&quot;0.0026881720430108&quot;,&quot;title&quot;:&quot;&quot;,&quot;orientation&quot;:&quot;1&quot;}\" data-image-title=\"IMG_9174\" data-image-description=\"\" data-image-caption=\"\" data-large-file=\"https:\/\/i0.wp.com\/lms-privatschule.ch\/wp-content\/uploads\/2024\/11\/IMG_9174-rotated.jpeg?fit=768%2C1024&amp;ssl=1\" class=\"alignnone size-medium wp-image-1217\" src=\"https:\/\/i0.wp.com\/lms-privatschule.ch\/wp-content\/uploads\/2024\/11\/IMG_9174.jpeg?resize=225%2C300&#038;ssl=1\" alt=\"\" width=\"225\" height=\"300\" srcset=\"https:\/\/i0.wp.com\/lms-privatschule.ch\/wp-content\/uploads\/2024\/11\/IMG_9174-rotated.jpeg?resize=225%2C300&amp;ssl=1 225w, https:\/\/i0.wp.com\/lms-privatschule.ch\/wp-content\/uploads\/2024\/11\/IMG_9174-rotated.jpeg?resize=768%2C1024&amp;ssl=1 768w, https:\/\/i0.wp.com\/lms-privatschule.ch\/wp-content\/uploads\/2024\/11\/IMG_9174-rotated.jpeg?resize=1152%2C1536&amp;ssl=1 1152w, https:\/\/i0.wp.com\/lms-privatschule.ch\/wp-content\/uploads\/2024\/11\/IMG_9174-rotated.jpeg?resize=1536%2C2048&amp;ssl=1 1536w, https:\/\/i0.wp.com\/lms-privatschule.ch\/wp-content\/uploads\/2024\/11\/IMG_9174-rotated.jpeg?resize=900%2C1200&amp;ssl=1 900w, https:\/\/i0.wp.com\/lms-privatschule.ch\/wp-content\/uploads\/2024\/11\/IMG_9174-rotated.jpeg?resize=600%2C800&amp;ssl=1 600w, https:\/\/i0.wp.com\/lms-privatschule.ch\/wp-content\/uploads\/2024\/11\/IMG_9174-rotated.jpeg?resize=450%2C600&amp;ssl=1 450w, https:\/\/i0.wp.com\/lms-privatschule.ch\/wp-content\/uploads\/2024\/11\/IMG_9174-rotated.jpeg?resize=300%2C400&amp;ssl=1 300w, https:\/\/i0.wp.com\/lms-privatschule.ch\/wp-content\/uploads\/2024\/11\/IMG_9174-rotated.jpeg?resize=150%2C200&amp;ssl=1 150w, https:\/\/i0.wp.com\/lms-privatschule.ch\/wp-content\/uploads\/2024\/11\/IMG_9174-rotated.jpeg?resize=1200%2C1600&amp;ssl=1 1200w, https:\/\/i0.wp.com\/lms-privatschule.ch\/wp-content\/uploads\/2024\/11\/IMG_9174-rotated.jpeg?w=2000&amp;ssl=1 2000w, https:\/\/i0.wp.com\/lms-privatschule.ch\/wp-content\/uploads\/2024\/11\/IMG_9174-rotated.jpeg?w=3000&amp;ssl=1 3000w\" sizes=\"(max-width: 225px) 100vw, 225px\" \/><\/p>","protected":false},"excerpt":{"rendered":"<p>Die Welt ver\u00e4ndert sich \u2013 und mit ihr die Anforderungen an die Bildung unserer Kinder. Als\u00a0LMS Privatschule in Geroldswil\u00a0wollen wir nicht nur Schritt halten, sondern Vorreiter sein. Deshalb f\u00fchren wir ein zukunftsweisendes Lernmodell ein, das neu denkt, wie Lernen funktioniert:\u00a0digital unterst\u00fctzt, pers\u00f6nlich begleitet und mit Raum f\u00fcr Entfaltung\u00a0\u2013 orientiert am\u00a0Lehrplan 21, erg\u00e4nzt durch internationale Best [&hellip;]<\/p>\n","protected":false},"author":247063526,"featured_media":1728,"comment_status":"open","ping_status":"open","sticky":false,"template":"","format":"standard","meta":{"_acf_changed":false,"_eb_attr":"","advanced_seo_description":"","jetpack_seo_html_title":"","jetpack_seo_noindex":false,"jetpack_seo_schema_type":"","_jetpack_newsletter_access":"","_jetpack_dont_email_post_to_subs":false,"_jetpack_newsletter_tier_id":0,"_jetpack_memberships_contains_paywalled_content":false,"_wpcom_ai_launchpad_first_post":false,"_jetpack_feature_clip_id":0,"_jetpack_memberships_contains_paid_content":false,"footnotes":"","jetpack_publicize_message":"{title}\n\n{excerpt}\n\n{url}","jetpack_publicize_feature_enabled":true,"jetpack_social_post_already_shared":true,"jetpack_social_options":{"image_generator_settings":{"template":"highway","default_image_id":0,"font":"","enabled":false},"version":2},"_wpas_customize_per_network":false,"jetpack_post_was_ever_published":false},"categories":[2710],"tags":[],"class_list":["post-1877","post","type-post","status-publish","format-standard","has-post-thumbnail","hentry","category-allgemein"],"acf":[],"mb":[],"jetpack_publicize_connections":[],"jetpack_likes_enabled":true,"jetpack_sharing_enabled":true,"jetpack_shortlink":"https:\/\/wp.me\/pfNxEx-uh","jetpack-related-posts":[{"id":387,"url":"https:\/\/lms-privatschule.ch\/en\/2024\/07\/04\/rueckblick-auf-den-infoabend-am-2-juli-in-geroldswil\/","url_meta":{"origin":1877,"position":0},"title":"Looking back at the information evening on July 2nd in Geroldswil","author":"Victoria Asanin","date":"4. July 2024","format":false,"excerpt":"On July 2nd, the time had come again: Our second information evening took place in the multi-purpose hall in Geroldswil. From 7:00 pm to 8:00 pm, we had the great honor of welcoming numerous interested parents and family members and introducing our new private school. The evening offered a wonderful opportunity to share our vision and\u2026","rel":"","context":"In &quot;Allgemein&quot;","block_context":{"text":"Allgemein","link":"https:\/\/lms-privatschule.ch\/en\/category\/allgemein\/"},"img":{"alt_text":"","src":"https:\/\/i0.wp.com\/lms-privatschule.ch\/wp-content\/uploads\/2024\/07\/IMG_4960Klein.jpg?fit=1200%2C900&ssl=1&resize=350%2C200","width":350,"height":200,"srcset":"https:\/\/i0.wp.com\/lms-privatschule.ch\/wp-content\/uploads\/2024\/07\/IMG_4960Klein.jpg?fit=1200%2C900&ssl=1&resize=350%2C200 1x, https:\/\/i0.wp.com\/lms-privatschule.ch\/wp-content\/uploads\/2024\/07\/IMG_4960Klein.jpg?fit=1200%2C900&ssl=1&resize=525%2C300 1.5x, https:\/\/i0.wp.com\/lms-privatschule.ch\/wp-content\/uploads\/2024\/07\/IMG_4960Klein.jpg?fit=1200%2C900&ssl=1&resize=700%2C400 2x, https:\/\/i0.wp.com\/lms-privatschule.ch\/wp-content\/uploads\/2024\/07\/IMG_4960Klein.jpg?fit=1200%2C900&ssl=1&resize=1050%2C600 3x"},"classes":[]},{"id":871,"url":"https:\/\/lms-privatschule.ch\/en\/2024\/09\/19\/eine-vision-wird-wirklichkeit-der-start-unserer-privatschule\/","url_meta":{"origin":1877,"position":1},"title":"A vision becomes reality \u2013 the launch of our private school","author":"Victoria Asanin","date":"19. September 2024","format":false,"excerpt":"It&#039;s incredible how fast time flies. Just a few months ago, our private school was still a tentative idea \u2013 a dream of a place where children could receive individual support, learn holistically, and grow up in a supportive community. Today, we look back with pride on what we have achieved\u2026","rel":"","context":"In &quot;Allgemein&quot;","block_context":{"text":"Allgemein","link":"https:\/\/lms-privatschule.ch\/en\/category\/allgemein\/"},"img":{"alt_text":"","src":"https:\/\/i0.wp.com\/lms-privatschule.ch\/wp-content\/uploads\/2024\/09\/Kopie-von-LMS-Logo-eckig-Kopie.png?fit=1200%2C600&ssl=1&resize=350%2C200","width":350,"height":200,"srcset":"https:\/\/i0.wp.com\/lms-privatschule.ch\/wp-content\/uploads\/2024\/09\/Kopie-von-LMS-Logo-eckig-Kopie.png?fit=1200%2C600&ssl=1&resize=350%2C200 1x, https:\/\/i0.wp.com\/lms-privatschule.ch\/wp-content\/uploads\/2024\/09\/Kopie-von-LMS-Logo-eckig-Kopie.png?fit=1200%2C600&ssl=1&resize=525%2C300 1.5x, https:\/\/i0.wp.com\/lms-privatschule.ch\/wp-content\/uploads\/2024\/09\/Kopie-von-LMS-Logo-eckig-Kopie.png?fit=1200%2C600&ssl=1&resize=700%2C400 2x, https:\/\/i0.wp.com\/lms-privatschule.ch\/wp-content\/uploads\/2024\/09\/Kopie-von-LMS-Logo-eckig-Kopie.png?fit=1200%2C600&ssl=1&resize=1050%2C600 3x"},"classes":[]},{"id":417,"url":"https:\/\/lms-privatschule.ch\/en\/2024\/07\/04\/neueroeffnung-unserer-privatschule-in-geroldswil\/","url_meta":{"origin":1877,"position":2},"title":"Grand opening of our private school in Geroldswil","author":"Victoria Asanin","date":"4. July 2024","format":false,"excerpt":"We are delighted to announce the grand opening of our private school in Geroldswil! On August 19, 2024, we will open our doors and launch a comprehensive educational program encompassing a daycare center, kindergarten, primary school, and middle school. Our goal is to provide children with a high-quality, holistic education that will\u2026","rel":"","context":"In &quot;Allgemein&quot;","block_context":{"text":"Allgemein","link":"https:\/\/lms-privatschule.ch\/en\/category\/allgemein\/"},"img":{"alt_text":"schule","src":"https:\/\/i0.wp.com\/lms-privatschule.ch\/wp-content\/uploads\/2024\/07\/pexels-photo-18512870.jpeg?fit=1200%2C800&ssl=1&resize=350%2C200","width":350,"height":200,"srcset":"https:\/\/i0.wp.com\/lms-privatschule.ch\/wp-content\/uploads\/2024\/07\/pexels-photo-18512870.jpeg?fit=1200%2C800&ssl=1&resize=350%2C200 1x, https:\/\/i0.wp.com\/lms-privatschule.ch\/wp-content\/uploads\/2024\/07\/pexels-photo-18512870.jpeg?fit=1200%2C800&ssl=1&resize=525%2C300 1.5x, https:\/\/i0.wp.com\/lms-privatschule.ch\/wp-content\/uploads\/2024\/07\/pexels-photo-18512870.jpeg?fit=1200%2C800&ssl=1&resize=700%2C400 2x, https:\/\/i0.wp.com\/lms-privatschule.ch\/wp-content\/uploads\/2024\/07\/pexels-photo-18512870.jpeg?fit=1200%2C800&ssl=1&resize=1050%2C600 3x"},"classes":[]},{"id":1501,"url":"https:\/\/lms-privatschule.ch\/en\/2025\/01\/07\/ein-spannender-start-ins-projekt-zeitungen-printmedien\/","url_meta":{"origin":1877,"position":3},"title":"An exciting start to the \u201cNewspapers \u2013 Print Media\u201d project","author":"Victoria Asanin","date":"7. January 2025","format":false,"excerpt":"Heute m\u00f6chten wir einen Einblick in unseren Unterricht im Rahmen des Medienkompetenz-Projektmanagements geben, der sich in den kommenden Wochen mit dem Thema \u201eZeitungen \u2013 Printmedien\u201c besch\u00e4ftigen wird. Der Auftakt dieses spannenden Projekts fand p\u00fcnktlich am Dienstagmorgen statt \u2013 mit viel Motivation und Neugier seitens der Sch\u00fclerinnen und Sch\u00fcler. Eine Reise\u2026","rel":"","context":"In &quot;Allgemein&quot;","block_context":{"text":"Allgemein","link":"https:\/\/lms-privatschule.ch\/en\/category\/allgemein\/"},"img":{"alt_text":"","src":"https:\/\/i0.wp.com\/lms-privatschule.ch\/wp-content\/uploads\/2025\/01\/IMG_5269-rotated.jpg?fit=900%2C1200&ssl=1&resize=350%2C200","width":350,"height":200,"srcset":"https:\/\/i0.wp.com\/lms-privatschule.ch\/wp-content\/uploads\/2025\/01\/IMG_5269-rotated.jpg?fit=900%2C1200&ssl=1&resize=350%2C200 1x, https:\/\/i0.wp.com\/lms-privatschule.ch\/wp-content\/uploads\/2025\/01\/IMG_5269-rotated.jpg?fit=900%2C1200&ssl=1&resize=525%2C300 1.5x, https:\/\/i0.wp.com\/lms-privatschule.ch\/wp-content\/uploads\/2025\/01\/IMG_5269-rotated.jpg?fit=900%2C1200&ssl=1&resize=700%2C400 2x"},"classes":[]},{"id":658,"url":"https:\/\/lms-privatschule.ch\/en\/2024\/08\/19\/unser-erster-schultag-an-der-privatschule\/","url_meta":{"origin":1877,"position":4},"title":"Our first day of school at the private school","author":"Victoria Asanin","date":"19. August 2024","format":false,"excerpt":"The first day of school is always a special event \u2013 both for the students and for us as a school. We are all the more pleased that the start of our new school year at the private school was so successful. The excitement and anticipation were palpable for everyone, and it was a day\u2026","rel":"","context":"In &quot;Allgemein&quot;","block_context":{"text":"Allgemein","link":"https:\/\/lms-privatschule.ch\/en\/category\/allgemein\/"},"img":{"alt_text":"","src":"https:\/\/i0.wp.com\/lms-privatschule.ch\/wp-content\/uploads\/2024\/08\/IMG_7615.jpg?fit=1200%2C914&ssl=1&resize=350%2C200","width":350,"height":200,"srcset":"https:\/\/i0.wp.com\/lms-privatschule.ch\/wp-content\/uploads\/2024\/08\/IMG_7615.jpg?fit=1200%2C914&ssl=1&resize=350%2C200 1x, https:\/\/i0.wp.com\/lms-privatschule.ch\/wp-content\/uploads\/2024\/08\/IMG_7615.jpg?fit=1200%2C914&ssl=1&resize=525%2C300 1.5x, https:\/\/i0.wp.com\/lms-privatschule.ch\/wp-content\/uploads\/2024\/08\/IMG_7615.jpg?fit=1200%2C914&ssl=1&resize=700%2C400 2x, https:\/\/i0.wp.com\/lms-privatschule.ch\/wp-content\/uploads\/2024\/08\/IMG_7615.jpg?fit=1200%2C914&ssl=1&resize=1050%2C600 3x"},"classes":[]},{"id":761,"url":"https:\/\/lms-privatschule.ch\/en\/2024\/09\/03\/unser-erster-schulausflug-ein-abenteuer-im-maislabyrinth\/","url_meta":{"origin":1877,"position":5},"title":"Our first school trip: An adventure in the corn maze","author":"Victoria Asanin","date":"3. September 2024","format":false,"excerpt":"The first school trip of our private school was an unforgettable experience for the students. On a sunny morning, we set off together for the corn maze, a place full of surprises and challenges. The children had the opportunity to sharpen their sense of direction and playfully find their way through the maze\u2026","rel":"","context":"In &quot;Allgemein&quot;","block_context":{"text":"Allgemein","link":"https:\/\/lms-privatschule.ch\/en\/category\/allgemein\/"},"img":{"alt_text":"","src":"https:\/\/i0.wp.com\/lms-privatschule.ch\/wp-content\/uploads\/2024\/09\/Titelbild.jpg?fit=1200%2C769&ssl=1&resize=350%2C200","width":350,"height":200,"srcset":"https:\/\/i0.wp.com\/lms-privatschule.ch\/wp-content\/uploads\/2024\/09\/Titelbild.jpg?fit=1200%2C769&ssl=1&resize=350%2C200 1x, https:\/\/i0.wp.com\/lms-privatschule.ch\/wp-content\/uploads\/2024\/09\/Titelbild.jpg?fit=1200%2C769&ssl=1&resize=525%2C300 1.5x, https:\/\/i0.wp.com\/lms-privatschule.ch\/wp-content\/uploads\/2024\/09\/Titelbild.jpg?fit=1200%2C769&ssl=1&resize=700%2C400 2x, https:\/\/i0.wp.com\/lms-privatschule.ch\/wp-content\/uploads\/2024\/09\/Titelbild.jpg?fit=1200%2C769&ssl=1&resize=1050%2C600 3x"},"classes":[]}],"jetpack_featured_media_url":"https:\/\/i0.wp.com\/lms-privatschule.ch\/wp-content\/uploads\/2025\/05\/Screenshot-from-2025-04-04-10-13-10.png?fit=403%2C481&ssl=1","mfb_rest_fields":["title","jetpack_publicize_connections","jetpack_likes_enabled","jetpack_sharing_enabled","jetpack_shortlink","jetpack-related-posts","gutenberg_elementor_mode","jetpack_featured_media_url"],"_links":{"self":[{"href":"https:\/\/lms-privatschule.ch\/en\/wp-json\/wp\/v2\/posts\/1877","targetHints":{"allow":["GET"]}}],"collection":[{"href":"https:\/\/lms-privatschule.ch\/en\/wp-json\/wp\/v2\/posts"}],"about":[{"href":"https:\/\/lms-privatschule.ch\/en\/wp-json\/wp\/v2\/types\/post"}],"author":[{"embeddable":true,"href":"https:\/\/lms-privatschule.ch\/en\/wp-json\/wp\/v2\/users\/247063526"}],"replies":[{"embeddable":true,"href":"https:\/\/lms-privatschule.ch\/en\/wp-json\/wp\/v2\/comments?post=1877"}],"version-history":[{"count":7,"href":"https:\/\/lms-privatschule.ch\/en\/wp-json\/wp\/v2\/posts\/1877\/revisions"}],"predecessor-version":[{"id":1887,"href":"https:\/\/lms-privatschule.ch\/en\/wp-json\/wp\/v2\/posts\/1877\/revisions\/1887"}],"wp:featuredmedia":[{"embeddable":true,"href":"https:\/\/lms-privatschule.ch\/en\/wp-json\/wp\/v2\/media\/1728"}],"wp:attachment":[{"href":"https:\/\/lms-privatschule.ch\/en\/wp-json\/wp\/v2\/media?parent=1877"}],"wp:term":[{"taxonomy":"category","embeddable":true,"href":"https:\/\/lms-privatschule.ch\/en\/wp-json\/wp\/v2\/categories?post=1877"},{"taxonomy":"post_tag","embeddable":true,"href":"https:\/\/lms-privatschule.ch\/en\/wp-json\/wp\/v2\/tags?post=1877"}],"curies":[{"name":"wp","href":"https:\/\/api.w.org\/{rel}","templated":true}]}}