{"id":1117,"date":"2024-10-28T14:05:12","date_gmt":"2024-10-28T13:05:12","guid":{"rendered":"https:\/\/lms-privatschule.ch\/?p=1117"},"modified":"2024-10-28T14:07:34","modified_gmt":"2024-10-28T13:07:34","slug":"das-spannende-thema-luft-im-fach-nmg-was-unsere-schueler-alles-entdeckt-haben","status":"publish","type":"post","link":"https:\/\/lms-privatschule.ch\/en\/2024\/10\/28\/das-spannende-thema-luft-im-fach-nmg-was-unsere-schueler-alles-entdeckt-haben\/","title":{"rendered":"The exciting topic of &quot;air&quot; in the subject NMG \u2013 What our students discovered!"},"content":{"rendered":"<p style=\"font-weight: 400;\">This school year, our students will be immersed in the subject\u00a0<strong>NMG<\/strong>\u00a0(Nature, Man, Society) into a particularly fascinating topic:\u00a0<strong>Air<\/strong>. Although air surrounds us daily and plays an integral role in our lives, many people don&#039;t know what it&#039;s actually made of and what important functions it performs in nature. Together with our students, we&#039;ve embarked on a journey of discovery into the world of air over the past few weeks \u2013 and many fascinating facts have come to light!<\/p>\n<p><img data-recalc-dims=\"1\" fetchpriority=\"high\" decoding=\"async\" data-attachment-id=\"1118\" data-permalink=\"https:\/\/lms-privatschule.ch\/en\/2024\/10\/28\/das-spannende-thema-luft-im-fach-nmg-was-unsere-schueler-alles-entdeckt-haben\/9d67bd69-4b00-4ac9-8cab-93ece0c8152d\/\" data-orig-file=\"https:\/\/i0.wp.com\/lms-privatschule.ch\/wp-content\/uploads\/2024\/10\/9d67bd69-4b00-4ac9-8cab-93ece0c8152d.jpg?fit=960%2C1280&amp;ssl=1\" data-orig-size=\"960,1280\" data-comments-opened=\"1\" data-image-meta=\"{&quot;aperture&quot;:&quot;0&quot;,&quot;credit&quot;:&quot;&quot;,&quot;camera&quot;:&quot;&quot;,&quot;caption&quot;:&quot;&quot;,&quot;created_timestamp&quot;:&quot;0&quot;,&quot;copyright&quot;:&quot;&quot;,&quot;focal_length&quot;:&quot;0&quot;,&quot;iso&quot;:&quot;0&quot;,&quot;shutter_speed&quot;:&quot;0&quot;,&quot;title&quot;:&quot;&quot;,&quot;orientation&quot;:&quot;1&quot;}\" data-image-title=\"9d67bd69-4b00-4ac9-8cab-93ece0c8152d\" data-image-description=\"\" data-image-caption=\"\" data-large-file=\"https:\/\/i0.wp.com\/lms-privatschule.ch\/wp-content\/uploads\/2024\/10\/9d67bd69-4b00-4ac9-8cab-93ece0c8152d.jpg?fit=768%2C1024&amp;ssl=1\" class=\"alignnone size-medium wp-image-1118\" src=\"https:\/\/i0.wp.com\/lms-privatschule.ch\/wp-content\/uploads\/2024\/10\/9d67bd69-4b00-4ac9-8cab-93ece0c8152d.jpg?resize=225%2C300&#038;ssl=1\" alt=\"\" width=\"225\" height=\"300\" srcset=\"https:\/\/i0.wp.com\/lms-privatschule.ch\/wp-content\/uploads\/2024\/10\/9d67bd69-4b00-4ac9-8cab-93ece0c8152d.jpg?resize=225%2C300&amp;ssl=1 225w, https:\/\/i0.wp.com\/lms-privatschule.ch\/wp-content\/uploads\/2024\/10\/9d67bd69-4b00-4ac9-8cab-93ece0c8152d.jpg?resize=768%2C1024&amp;ssl=1 768w, https:\/\/i0.wp.com\/lms-privatschule.ch\/wp-content\/uploads\/2024\/10\/9d67bd69-4b00-4ac9-8cab-93ece0c8152d.jpg?w=960&amp;ssl=1 960w\" sizes=\"(max-width: 225px) 100vw, 225px\" \/> <img data-recalc-dims=\"1\" decoding=\"async\" data-attachment-id=\"1119\" data-permalink=\"https:\/\/lms-privatschule.ch\/en\/2024\/10\/28\/das-spannende-thema-luft-im-fach-nmg-was-unsere-schueler-alles-entdeckt-haben\/86463a4c-63e9-4a74-8459-8e0c1a6a416f\/\" data-orig-file=\"https:\/\/i0.wp.com\/lms-privatschule.ch\/wp-content\/uploads\/2024\/10\/86463a4c-63e9-4a74-8459-8e0c1a6a416f.jpg?fit=960%2C1280&amp;ssl=1\" data-orig-size=\"960,1280\" data-comments-opened=\"1\" data-image-meta=\"{&quot;aperture&quot;:&quot;0&quot;,&quot;credit&quot;:&quot;&quot;,&quot;camera&quot;:&quot;&quot;,&quot;caption&quot;:&quot;&quot;,&quot;created_timestamp&quot;:&quot;0&quot;,&quot;copyright&quot;:&quot;&quot;,&quot;focal_length&quot;:&quot;0&quot;,&quot;iso&quot;:&quot;0&quot;,&quot;shutter_speed&quot;:&quot;0&quot;,&quot;title&quot;:&quot;&quot;,&quot;orientation&quot;:&quot;1&quot;}\" data-image-title=\"86463a4c-63e9-4a74-8459-8e0c1a6a416f\" data-image-description=\"\" data-image-caption=\"\" data-large-file=\"https:\/\/i0.wp.com\/lms-privatschule.ch\/wp-content\/uploads\/2024\/10\/86463a4c-63e9-4a74-8459-8e0c1a6a416f.jpg?fit=768%2C1024&amp;ssl=1\" class=\"alignnone size-medium wp-image-1119\" src=\"https:\/\/i0.wp.com\/lms-privatschule.ch\/wp-content\/uploads\/2024\/10\/86463a4c-63e9-4a74-8459-8e0c1a6a416f.jpg?resize=225%2C300&#038;ssl=1\" alt=\"\" width=\"225\" height=\"300\" srcset=\"https:\/\/i0.wp.com\/lms-privatschule.ch\/wp-content\/uploads\/2024\/10\/86463a4c-63e9-4a74-8459-8e0c1a6a416f.jpg?resize=225%2C300&amp;ssl=1 225w, https:\/\/i0.wp.com\/lms-privatschule.ch\/wp-content\/uploads\/2024\/10\/86463a4c-63e9-4a74-8459-8e0c1a6a416f.jpg?resize=768%2C1024&amp;ssl=1 768w, https:\/\/i0.wp.com\/lms-privatschule.ch\/wp-content\/uploads\/2024\/10\/86463a4c-63e9-4a74-8459-8e0c1a6a416f.jpg?w=960&amp;ssl=1 960w\" sizes=\"(max-width: 225px) 100vw, 225px\" \/><\/p>\n<h2 style=\"font-weight: 400;\"><strong>What is air actually made of?<\/strong><\/h2>\n<p style=\"font-weight: 400;\">The children have learned that air is a mixture of different gases. Often we only think about...\u00a0<strong>oxygen<\/strong>, because we need it to breathe. But in fact, the air around us consists of only about 211 TP3T of oxygen. The largest proportion of around\u00a0<strong>78%<\/strong>\u00a0consists of\u00a0<strong>Nitrogen<\/strong>\u00a0\u2013 a gas that is important for plant growth but cannot be used by humans in its pure form. Furthermore, the air also contains traces of\u00a0<strong>Noble gases <\/strong>How\u00a0<strong>argon<\/strong>,\u00a0<strong>Neon<\/strong>\u00a0and\u00a0<strong>helium<\/strong>. Even though these gases are only present in small quantities, they play an important role in nature and technology.<\/p>\n<h2 style=\"font-weight: 400;\"><strong>How important is air for life on Earth?<\/strong><\/h2>\n<p style=\"font-weight: 400;\">In class, the children not only explored the chemical composition of air, but also its importance for life on Earth. Without oxygen, we and many other living things couldn&#039;t breathe, but nitrogen and the noble gases are also essential for many biological and physical processes. Furthermore, air plays a vital role in our climate. It transports heat and moisture, regulates the weather, and protects us from harmful radiation from space through the atmosphere. \ud83c\udf26\ufe0f<\/p>\n<h2 style=\"font-weight: 400;\"><strong>Exciting experiments and discoveries<\/strong><\/h2>\n<p style=\"font-weight: 400;\">To make the topic of &quot;air&quot; vivid and tangible for the children, we have numerous\u00a0<strong>Experiments<\/strong> We also carried out these activities. In addition, to fit the theme, we made hot air balloons in our &quot;Crafts&quot; class. They also tested air pressure and its effect on various objects, and discovered why warm air rises and cold air sinks. These hands-on experiments showed the children that science isn&#039;t just theory, but also very real in our everyday lives \ud83d\ude80<\/p>\n<p><img data-recalc-dims=\"1\" decoding=\"async\" data-attachment-id=\"1123\" data-permalink=\"https:\/\/lms-privatschule.ch\/en\/2024\/10\/28\/das-spannende-thema-luft-im-fach-nmg-was-unsere-schueler-alles-entdeckt-haben\/img_0934\/\" data-orig-file=\"https:\/\/i0.wp.com\/lms-privatschule.ch\/wp-content\/uploads\/2024\/10\/IMG_0934-rotated.jpg?fit=2142%2C2856&amp;ssl=1\" data-orig-size=\"2142,2856\" data-comments-opened=\"1\" data-image-meta=\"{&quot;aperture&quot;:&quot;0&quot;,&quot;credit&quot;:&quot;&quot;,&quot;camera&quot;:&quot;&quot;,&quot;caption&quot;:&quot;&quot;,&quot;created_timestamp&quot;:&quot;0&quot;,&quot;copyright&quot;:&quot;&quot;,&quot;focal_length&quot;:&quot;0&quot;,&quot;iso&quot;:&quot;0&quot;,&quot;shutter_speed&quot;:&quot;0&quot;,&quot;title&quot;:&quot;&quot;,&quot;orientation&quot;:&quot;1&quot;}\" data-image-title=\"IMG_0934\" data-image-description=\"\" data-image-caption=\"\" data-large-file=\"https:\/\/i0.wp.com\/lms-privatschule.ch\/wp-content\/uploads\/2024\/10\/IMG_0934-rotated.jpg?fit=768%2C1024&amp;ssl=1\" class=\"alignnone size-medium wp-image-1123\" src=\"https:\/\/i0.wp.com\/lms-privatschule.ch\/wp-content\/uploads\/2024\/10\/IMG_0934.jpg?resize=225%2C300&#038;ssl=1\" alt=\"\" width=\"225\" height=\"300\" srcset=\"https:\/\/i0.wp.com\/lms-privatschule.ch\/wp-content\/uploads\/2024\/10\/IMG_0934-rotated.jpg?resize=225%2C300&amp;ssl=1 225w, https:\/\/i0.wp.com\/lms-privatschule.ch\/wp-content\/uploads\/2024\/10\/IMG_0934-rotated.jpg?resize=768%2C1024&amp;ssl=1 768w, https:\/\/i0.wp.com\/lms-privatschule.ch\/wp-content\/uploads\/2024\/10\/IMG_0934-rotated.jpg?resize=1152%2C1536&amp;ssl=1 1152w, https:\/\/i0.wp.com\/lms-privatschule.ch\/wp-content\/uploads\/2024\/10\/IMG_0934-rotated.jpg?resize=1536%2C2048&amp;ssl=1 1536w, https:\/\/i0.wp.com\/lms-privatschule.ch\/wp-content\/uploads\/2024\/10\/IMG_0934-rotated.jpg?w=2000&amp;ssl=1 2000w\" sizes=\"(max-width: 225px) 100vw, 225px\" \/> <img data-recalc-dims=\"1\" loading=\"lazy\" decoding=\"async\" data-attachment-id=\"1122\" data-permalink=\"https:\/\/lms-privatschule.ch\/en\/2024\/10\/28\/das-spannende-thema-luft-im-fach-nmg-was-unsere-schueler-alles-entdeckt-haben\/img_0930\/\" data-orig-file=\"https:\/\/i0.wp.com\/lms-privatschule.ch\/wp-content\/uploads\/2024\/10\/IMG_0930-rotated.jpg?fit=2142%2C2856&amp;ssl=1\" data-orig-size=\"2142,2856\" data-comments-opened=\"1\" data-image-meta=\"{&quot;aperture&quot;:&quot;0&quot;,&quot;credit&quot;:&quot;&quot;,&quot;camera&quot;:&quot;&quot;,&quot;caption&quot;:&quot;&quot;,&quot;created_timestamp&quot;:&quot;0&quot;,&quot;copyright&quot;:&quot;&quot;,&quot;focal_length&quot;:&quot;0&quot;,&quot;iso&quot;:&quot;0&quot;,&quot;shutter_speed&quot;:&quot;0&quot;,&quot;title&quot;:&quot;&quot;,&quot;orientation&quot;:&quot;1&quot;}\" data-image-title=\"IMG_0930\" data-image-description=\"\" data-image-caption=\"\" data-large-file=\"https:\/\/i0.wp.com\/lms-privatschule.ch\/wp-content\/uploads\/2024\/10\/IMG_0930-rotated.jpg?fit=768%2C1024&amp;ssl=1\" class=\"alignnone size-medium wp-image-1122\" src=\"https:\/\/i0.wp.com\/lms-privatschule.ch\/wp-content\/uploads\/2024\/10\/IMG_0930.jpg?resize=225%2C300&#038;ssl=1\" alt=\"\" width=\"225\" height=\"300\" srcset=\"https:\/\/i0.wp.com\/lms-privatschule.ch\/wp-content\/uploads\/2024\/10\/IMG_0930-rotated.jpg?resize=225%2C300&amp;ssl=1 225w, https:\/\/i0.wp.com\/lms-privatschule.ch\/wp-content\/uploads\/2024\/10\/IMG_0930-rotated.jpg?resize=768%2C1024&amp;ssl=1 768w, https:\/\/i0.wp.com\/lms-privatschule.ch\/wp-content\/uploads\/2024\/10\/IMG_0930-rotated.jpg?resize=1152%2C1536&amp;ssl=1 1152w, https:\/\/i0.wp.com\/lms-privatschule.ch\/wp-content\/uploads\/2024\/10\/IMG_0930-rotated.jpg?resize=1536%2C2048&amp;ssl=1 1536w, https:\/\/i0.wp.com\/lms-privatschule.ch\/wp-content\/uploads\/2024\/10\/IMG_0930-rotated.jpg?w=2000&amp;ssl=1 2000w\" sizes=\"(max-width: 225px) 100vw, 225px\" \/> <img data-recalc-dims=\"1\" loading=\"lazy\" decoding=\"async\" data-attachment-id=\"1121\" data-permalink=\"https:\/\/lms-privatschule.ch\/en\/2024\/10\/28\/das-spannende-thema-luft-im-fach-nmg-was-unsere-schueler-alles-entdeckt-haben\/img_0929\/\" data-orig-file=\"https:\/\/i0.wp.com\/lms-privatschule.ch\/wp-content\/uploads\/2024\/10\/IMG_0929-rotated.jpg?fit=2142%2C2856&amp;ssl=1\" data-orig-size=\"2142,2856\" data-comments-opened=\"1\" data-image-meta=\"{&quot;aperture&quot;:&quot;0&quot;,&quot;credit&quot;:&quot;&quot;,&quot;camera&quot;:&quot;&quot;,&quot;caption&quot;:&quot;&quot;,&quot;created_timestamp&quot;:&quot;0&quot;,&quot;copyright&quot;:&quot;&quot;,&quot;focal_length&quot;:&quot;0&quot;,&quot;iso&quot;:&quot;0&quot;,&quot;shutter_speed&quot;:&quot;0&quot;,&quot;title&quot;:&quot;&quot;,&quot;orientation&quot;:&quot;1&quot;}\" data-image-title=\"IMG_0929\" data-image-description=\"\" data-image-caption=\"\" data-large-file=\"https:\/\/i0.wp.com\/lms-privatschule.ch\/wp-content\/uploads\/2024\/10\/IMG_0929-rotated.jpg?fit=768%2C1024&amp;ssl=1\" class=\"alignnone size-medium wp-image-1121\" src=\"https:\/\/i0.wp.com\/lms-privatschule.ch\/wp-content\/uploads\/2024\/10\/IMG_0929.jpg?resize=225%2C300&#038;ssl=1\" alt=\"\" width=\"225\" height=\"300\" srcset=\"https:\/\/i0.wp.com\/lms-privatschule.ch\/wp-content\/uploads\/2024\/10\/IMG_0929-rotated.jpg?resize=225%2C300&amp;ssl=1 225w, https:\/\/i0.wp.com\/lms-privatschule.ch\/wp-content\/uploads\/2024\/10\/IMG_0929-rotated.jpg?resize=768%2C1024&amp;ssl=1 768w, https:\/\/i0.wp.com\/lms-privatschule.ch\/wp-content\/uploads\/2024\/10\/IMG_0929-rotated.jpg?resize=1152%2C1536&amp;ssl=1 1152w, https:\/\/i0.wp.com\/lms-privatschule.ch\/wp-content\/uploads\/2024\/10\/IMG_0929-rotated.jpg?resize=1536%2C2048&amp;ssl=1 1536w, https:\/\/i0.wp.com\/lms-privatschule.ch\/wp-content\/uploads\/2024\/10\/IMG_0929-rotated.jpg?w=2000&amp;ssl=1 2000w\" sizes=\"(max-width: 225px) 100vw, 225px\" \/> <img data-recalc-dims=\"1\" loading=\"lazy\" decoding=\"async\" data-attachment-id=\"1120\" data-permalink=\"https:\/\/lms-privatschule.ch\/en\/2024\/10\/28\/das-spannende-thema-luft-im-fach-nmg-was-unsere-schueler-alles-entdeckt-haben\/ee554996-8d07-4a85-aea4-20c963c96ccb\/\" data-orig-file=\"https:\/\/i0.wp.com\/lms-privatschule.ch\/wp-content\/uploads\/2024\/10\/ee554996-8d07-4a85-aea4-20c963c96ccb.jpg?fit=960%2C1280&amp;ssl=1\" data-orig-size=\"960,1280\" data-comments-opened=\"1\" data-image-meta=\"{&quot;aperture&quot;:&quot;0&quot;,&quot;credit&quot;:&quot;&quot;,&quot;camera&quot;:&quot;&quot;,&quot;caption&quot;:&quot;&quot;,&quot;created_timestamp&quot;:&quot;0&quot;,&quot;copyright&quot;:&quot;&quot;,&quot;focal_length&quot;:&quot;0&quot;,&quot;iso&quot;:&quot;0&quot;,&quot;shutter_speed&quot;:&quot;0&quot;,&quot;title&quot;:&quot;&quot;,&quot;orientation&quot;:&quot;1&quot;}\" data-image-title=\"ee554996-8d07-4a85-aea4-20c963c96ccb\" data-image-description=\"\" data-image-caption=\"\" data-large-file=\"https:\/\/i0.wp.com\/lms-privatschule.ch\/wp-content\/uploads\/2024\/10\/ee554996-8d07-4a85-aea4-20c963c96ccb.jpg?fit=768%2C1024&amp;ssl=1\" class=\"alignnone size-medium wp-image-1120\" src=\"https:\/\/i0.wp.com\/lms-privatschule.ch\/wp-content\/uploads\/2024\/10\/ee554996-8d07-4a85-aea4-20c963c96ccb.jpg?resize=225%2C300&#038;ssl=1\" alt=\"\" width=\"225\" height=\"300\" srcset=\"https:\/\/i0.wp.com\/lms-privatschule.ch\/wp-content\/uploads\/2024\/10\/ee554996-8d07-4a85-aea4-20c963c96ccb.jpg?resize=225%2C300&amp;ssl=1 225w, https:\/\/i0.wp.com\/lms-privatschule.ch\/wp-content\/uploads\/2024\/10\/ee554996-8d07-4a85-aea4-20c963c96ccb.jpg?resize=768%2C1024&amp;ssl=1 768w, https:\/\/i0.wp.com\/lms-privatschule.ch\/wp-content\/uploads\/2024\/10\/ee554996-8d07-4a85-aea4-20c963c96ccb.jpg?w=960&amp;ssl=1 960w\" sizes=\"(max-width: 225px) 100vw, 225px\" \/><\/p>\n<p style=\"font-weight: 400;\">The children were particularly impressed by the realization that air is not &quot;nothing.&quot; It has weight, exerts pressure, and occupies space \u2013 even though we cannot see it. We are thrilled by our students&#039; curiosity and engagement with this topic and look forward to many more exciting projects and discoveries in the future!<\/p>\n<p style=\"font-weight: 400;\">With this exciting topic in the subject NMG, our students not only acquired scientific knowledge, but also developed a better understanding of how important air is for life on Earth.<\/p>\n<p style=\"font-weight: 400;\">We are delighted to accompany them on this journey!<\/p>\n<p><img data-recalc-dims=\"1\" loading=\"lazy\" decoding=\"async\" data-attachment-id=\"1125\" data-permalink=\"https:\/\/lms-privatschule.ch\/en\/2024\/10\/28\/das-spannende-thema-luft-im-fach-nmg-was-unsere-schueler-alles-entdeckt-haben\/img_1472\/\" data-orig-file=\"https:\/\/i0.wp.com\/lms-privatschule.ch\/wp-content\/uploads\/2024\/10\/IMG_1472-rotated.jpg?fit=2142%2C2856&amp;ssl=1\" data-orig-size=\"2142,2856\" data-comments-opened=\"1\" data-image-meta=\"{&quot;aperture&quot;:&quot;0&quot;,&quot;credit&quot;:&quot;&quot;,&quot;camera&quot;:&quot;&quot;,&quot;caption&quot;:&quot;&quot;,&quot;created_timestamp&quot;:&quot;0&quot;,&quot;copyright&quot;:&quot;&quot;,&quot;focal_length&quot;:&quot;0&quot;,&quot;iso&quot;:&quot;0&quot;,&quot;shutter_speed&quot;:&quot;0&quot;,&quot;title&quot;:&quot;&quot;,&quot;orientation&quot;:&quot;1&quot;}\" data-image-title=\"IMG_1472\" data-image-description=\"\" data-image-caption=\"\" data-large-file=\"https:\/\/i0.wp.com\/lms-privatschule.ch\/wp-content\/uploads\/2024\/10\/IMG_1472-rotated.jpg?fit=768%2C1024&amp;ssl=1\" class=\"alignnone size-medium wp-image-1125\" src=\"https:\/\/i0.wp.com\/lms-privatschule.ch\/wp-content\/uploads\/2024\/10\/IMG_1472.jpg?resize=225%2C300&#038;ssl=1\" alt=\"\" width=\"225\" height=\"300\" srcset=\"https:\/\/i0.wp.com\/lms-privatschule.ch\/wp-content\/uploads\/2024\/10\/IMG_1472-rotated.jpg?resize=225%2C300&amp;ssl=1 225w, https:\/\/i0.wp.com\/lms-privatschule.ch\/wp-content\/uploads\/2024\/10\/IMG_1472-rotated.jpg?resize=768%2C1024&amp;ssl=1 768w, https:\/\/i0.wp.com\/lms-privatschule.ch\/wp-content\/uploads\/2024\/10\/IMG_1472-rotated.jpg?resize=1152%2C1536&amp;ssl=1 1152w, https:\/\/i0.wp.com\/lms-privatschule.ch\/wp-content\/uploads\/2024\/10\/IMG_1472-rotated.jpg?resize=1536%2C2048&amp;ssl=1 1536w, https:\/\/i0.wp.com\/lms-privatschule.ch\/wp-content\/uploads\/2024\/10\/IMG_1472-rotated.jpg?w=2000&amp;ssl=1 2000w\" sizes=\"(max-width: 225px) 100vw, 225px\" \/> <img data-recalc-dims=\"1\" loading=\"lazy\" decoding=\"async\" data-attachment-id=\"1124\" data-permalink=\"https:\/\/lms-privatschule.ch\/en\/2024\/10\/28\/das-spannende-thema-luft-im-fach-nmg-was-unsere-schueler-alles-entdeckt-haben\/img_1471\/\" data-orig-file=\"https:\/\/i0.wp.com\/lms-privatschule.ch\/wp-content\/uploads\/2024\/10\/IMG_1471-rotated.jpg?fit=2142%2C2856&amp;ssl=1\" data-orig-size=\"2142,2856\" data-comments-opened=\"1\" data-image-meta=\"{&quot;aperture&quot;:&quot;0&quot;,&quot;credit&quot;:&quot;&quot;,&quot;camera&quot;:&quot;&quot;,&quot;caption&quot;:&quot;&quot;,&quot;created_timestamp&quot;:&quot;0&quot;,&quot;copyright&quot;:&quot;&quot;,&quot;focal_length&quot;:&quot;0&quot;,&quot;iso&quot;:&quot;0&quot;,&quot;shutter_speed&quot;:&quot;0&quot;,&quot;title&quot;:&quot;&quot;,&quot;orientation&quot;:&quot;1&quot;}\" data-image-title=\"IMG_1471\" data-image-description=\"\" data-image-caption=\"\" data-large-file=\"https:\/\/i0.wp.com\/lms-privatschule.ch\/wp-content\/uploads\/2024\/10\/IMG_1471-rotated.jpg?fit=768%2C1024&amp;ssl=1\" class=\"alignnone size-medium wp-image-1124\" src=\"https:\/\/i0.wp.com\/lms-privatschule.ch\/wp-content\/uploads\/2024\/10\/IMG_1471.jpg?resize=225%2C300&#038;ssl=1\" alt=\"\" width=\"225\" height=\"300\" srcset=\"https:\/\/i0.wp.com\/lms-privatschule.ch\/wp-content\/uploads\/2024\/10\/IMG_1471-rotated.jpg?resize=225%2C300&amp;ssl=1 225w, https:\/\/i0.wp.com\/lms-privatschule.ch\/wp-content\/uploads\/2024\/10\/IMG_1471-rotated.jpg?resize=768%2C1024&amp;ssl=1 768w, https:\/\/i0.wp.com\/lms-privatschule.ch\/wp-content\/uploads\/2024\/10\/IMG_1471-rotated.jpg?resize=1152%2C1536&amp;ssl=1 1152w, https:\/\/i0.wp.com\/lms-privatschule.ch\/wp-content\/uploads\/2024\/10\/IMG_1471-rotated.jpg?resize=1536%2C2048&amp;ssl=1 1536w, https:\/\/i0.wp.com\/lms-privatschule.ch\/wp-content\/uploads\/2024\/10\/IMG_1471-rotated.jpg?w=2000&amp;ssl=1 2000w\" sizes=\"(max-width: 225px) 100vw, 225px\" \/><\/p>","protected":false},"excerpt":{"rendered":"<p>In diesem Schuljahr tauchen unsere Sch\u00fclerinnen im Fach\u00a0NMG\u00a0(Natur, Mensch, Gesellschaft) in ein besonders faszinierendes Thema ein:\u00a0Luft. Obwohl Luft uns t\u00e4glich umgibt und eine selbstverst\u00e4ndliche Rolle in unserem Leben spielt, wissen viele nicht, woraus sie tats\u00e4chlich besteht und welche bedeutenden Funktionen sie in der Natur erf\u00fcllt. Gemeinsam mit unseren Sch\u00fclerinnen haben wir in den letzten Wochen [&hellip;]<\/p>\n","protected":false},"author":247063526,"featured_media":1129,"comment_status":"open","ping_status":"open","sticky":false,"template":"","format":"standard","meta":{"_acf_changed":false,"_eb_attr":"","advanced_seo_description":"","jetpack_seo_html_title":"","jetpack_seo_noindex":false,"jetpack_seo_schema_type":"","_jetpack_newsletter_access":"","_jetpack_dont_email_post_to_subs":false,"_jetpack_newsletter_tier_id":0,"_jetpack_memberships_contains_paywalled_content":false,"_wpcom_ai_launchpad_first_post":false,"_jetpack_feature_clip_id":0,"_jetpack_memberships_contains_paid_content":false,"footnotes":"","jetpack_publicize_message":"{title}\n\n{excerpt}\n\n{url}","jetpack_publicize_feature_enabled":true,"jetpack_social_post_already_shared":true,"jetpack_social_options":{"image_generator_settings":{"template":"highway","default_image_id":0,"font":"","enabled":false},"version":2},"_wpas_customize_per_network":false,"jetpack_post_was_ever_published":false},"categories":[2710],"tags":[],"class_list":["post-1117","post","type-post","status-publish","format-standard","has-post-thumbnail","hentry","category-allgemein"],"acf":[],"mb":[],"jetpack_publicize_connections":[],"jetpack_likes_enabled":true,"jetpack_sharing_enabled":true,"jetpack_shortlink":"https:\/\/wp.me\/pfNxEx-i1","jetpack-related-posts":[{"id":1073,"url":"https:\/\/lms-privatschule.ch\/en\/2024\/10\/21\/ein-spannender-einblick-unser-besuch-beim-zuercher-kantonsrat\/","url_meta":{"origin":1117,"position":0},"title":"An exciting insight: Our visit to the Zurich Cantonal Council","author":"Victoria Asanin","date":"21. October 2024","format":false,"excerpt":"In the week before the autumn holidays, the students of our private school in Geroldswil embarked on a special excursion: a visit to the Zurich Cantonal Council. They were very excited, as it offered a rare opportunity to experience political work in the Canton of Zurich firsthand. Our day began\u2026","rel":"","context":"In &quot;Allgemein&quot;","block_context":{"text":"Allgemein","link":"https:\/\/lms-privatschule.ch\/en\/category\/allgemein\/"},"img":{"alt_text":"","src":"https:\/\/i0.wp.com\/lms-privatschule.ch\/wp-content\/uploads\/2024\/10\/IMG_1007.jpg?fit=1200%2C788&ssl=1&resize=350%2C200","width":350,"height":200,"srcset":"https:\/\/i0.wp.com\/lms-privatschule.ch\/wp-content\/uploads\/2024\/10\/IMG_1007.jpg?fit=1200%2C788&ssl=1&resize=350%2C200 1x, https:\/\/i0.wp.com\/lms-privatschule.ch\/wp-content\/uploads\/2024\/10\/IMG_1007.jpg?fit=1200%2C788&ssl=1&resize=525%2C300 1.5x, https:\/\/i0.wp.com\/lms-privatschule.ch\/wp-content\/uploads\/2024\/10\/IMG_1007.jpg?fit=1200%2C788&ssl=1&resize=700%2C400 2x, https:\/\/i0.wp.com\/lms-privatschule.ch\/wp-content\/uploads\/2024\/10\/IMG_1007.jpg?fit=1200%2C788&ssl=1&resize=1050%2C600 3x"},"classes":[]},{"id":1501,"url":"https:\/\/lms-privatschule.ch\/en\/2025\/01\/07\/ein-spannender-start-ins-projekt-zeitungen-printmedien\/","url_meta":{"origin":1117,"position":1},"title":"An exciting start to the \u201cNewspapers \u2013 Print Media\u201d project","author":"Victoria Asanin","date":"7. January 2025","format":false,"excerpt":"Heute m\u00f6chten wir einen Einblick in unseren Unterricht im Rahmen des Medienkompetenz-Projektmanagements geben, der sich in den kommenden Wochen mit dem Thema \u201eZeitungen \u2013 Printmedien\u201c besch\u00e4ftigen wird. Der Auftakt dieses spannenden Projekts fand p\u00fcnktlich am Dienstagmorgen statt \u2013 mit viel Motivation und Neugier seitens der Sch\u00fclerinnen und Sch\u00fcler. Eine Reise\u2026","rel":"","context":"In &quot;Allgemein&quot;","block_context":{"text":"Allgemein","link":"https:\/\/lms-privatschule.ch\/en\/category\/allgemein\/"},"img":{"alt_text":"","src":"https:\/\/i0.wp.com\/lms-privatschule.ch\/wp-content\/uploads\/2025\/01\/IMG_5269-rotated.jpg?fit=900%2C1200&ssl=1&resize=350%2C200","width":350,"height":200,"srcset":"https:\/\/i0.wp.com\/lms-privatschule.ch\/wp-content\/uploads\/2025\/01\/IMG_5269-rotated.jpg?fit=900%2C1200&ssl=1&resize=350%2C200 1x, https:\/\/i0.wp.com\/lms-privatschule.ch\/wp-content\/uploads\/2025\/01\/IMG_5269-rotated.jpg?fit=900%2C1200&ssl=1&resize=525%2C300 1.5x, https:\/\/i0.wp.com\/lms-privatschule.ch\/wp-content\/uploads\/2025\/01\/IMG_5269-rotated.jpg?fit=900%2C1200&ssl=1&resize=700%2C400 2x"},"classes":[]},{"id":417,"url":"https:\/\/lms-privatschule.ch\/en\/2024\/07\/04\/neueroeffnung-unserer-privatschule-in-geroldswil\/","url_meta":{"origin":1117,"position":2},"title":"Grand opening of our private school in Geroldswil","author":"Victoria Asanin","date":"4. July 2024","format":false,"excerpt":"We are delighted to announce the grand opening of our private school in Geroldswil! On August 19, 2024, we will open our doors and launch a comprehensive educational program encompassing a daycare center, kindergarten, primary school, and middle school. Our goal is to provide children with a high-quality, holistic education that will\u2026","rel":"","context":"In &quot;Allgemein&quot;","block_context":{"text":"Allgemein","link":"https:\/\/lms-privatschule.ch\/en\/category\/allgemein\/"},"img":{"alt_text":"schule","src":"https:\/\/i0.wp.com\/lms-privatschule.ch\/wp-content\/uploads\/2024\/07\/pexels-photo-18512870.jpeg?fit=1200%2C800&ssl=1&resize=350%2C200","width":350,"height":200,"srcset":"https:\/\/i0.wp.com\/lms-privatschule.ch\/wp-content\/uploads\/2024\/07\/pexels-photo-18512870.jpeg?fit=1200%2C800&ssl=1&resize=350%2C200 1x, https:\/\/i0.wp.com\/lms-privatschule.ch\/wp-content\/uploads\/2024\/07\/pexels-photo-18512870.jpeg?fit=1200%2C800&ssl=1&resize=525%2C300 1.5x, https:\/\/i0.wp.com\/lms-privatschule.ch\/wp-content\/uploads\/2024\/07\/pexels-photo-18512870.jpeg?fit=1200%2C800&ssl=1&resize=700%2C400 2x, https:\/\/i0.wp.com\/lms-privatschule.ch\/wp-content\/uploads\/2024\/07\/pexels-photo-18512870.jpeg?fit=1200%2C800&ssl=1&resize=1050%2C600 3x"},"classes":[]},{"id":761,"url":"https:\/\/lms-privatschule.ch\/en\/2024\/09\/03\/unser-erster-schulausflug-ein-abenteuer-im-maislabyrinth\/","url_meta":{"origin":1117,"position":3},"title":"Our first school trip: An adventure in the corn maze","author":"Victoria Asanin","date":"3. September 2024","format":false,"excerpt":"The first school trip of our private school was an unforgettable experience for the students. On a sunny morning, we set off together for the corn maze, a place full of surprises and challenges. The children had the opportunity to sharpen their sense of direction and playfully find their way through the maze\u2026","rel":"","context":"In &quot;Allgemein&quot;","block_context":{"text":"Allgemein","link":"https:\/\/lms-privatschule.ch\/en\/category\/allgemein\/"},"img":{"alt_text":"","src":"https:\/\/i0.wp.com\/lms-privatschule.ch\/wp-content\/uploads\/2024\/09\/Titelbild.jpg?fit=1200%2C769&ssl=1&resize=350%2C200","width":350,"height":200,"srcset":"https:\/\/i0.wp.com\/lms-privatschule.ch\/wp-content\/uploads\/2024\/09\/Titelbild.jpg?fit=1200%2C769&ssl=1&resize=350%2C200 1x, https:\/\/i0.wp.com\/lms-privatschule.ch\/wp-content\/uploads\/2024\/09\/Titelbild.jpg?fit=1200%2C769&ssl=1&resize=525%2C300 1.5x, https:\/\/i0.wp.com\/lms-privatschule.ch\/wp-content\/uploads\/2024\/09\/Titelbild.jpg?fit=1200%2C769&ssl=1&resize=700%2C400 2x, https:\/\/i0.wp.com\/lms-privatschule.ch\/wp-content\/uploads\/2024\/09\/Titelbild.jpg?fit=1200%2C769&ssl=1&resize=1050%2C600 3x"},"classes":[]},{"id":1236,"url":"https:\/\/lms-privatschule.ch\/en\/2024\/11\/11\/englischunterricht-an-der-lms-privatschule-digitales-lernen-fuer-die-zukunft\/","url_meta":{"origin":1117,"position":4},"title":"English lessons at the LMS private school: Digital learning for the future","author":"Victoria Asanin","date":"11. November 2024","format":false,"excerpt":"In unserem Englischunterricht an der LMS Privatschule verfolgen wir ein innovatives und umfassendes Konzept. Englischlernen bedeutet bei uns nicht nur das Arbeiten mit B\u00fcchern und Arbeitsbl\u00e4ttern \u2013 wir nutzen die M\u00f6glichkeiten der digitalen Welt, um den Unterricht lebendig und interaktiv zu gestalten. Neben den klassischen \u00dcbungen arbeiten unsere Sch\u00fclerinnen regelm\u00e4ssig\u2026","rel":"","context":"In &quot;Allgemein&quot;","block_context":{"text":"Allgemein","link":"https:\/\/lms-privatschule.ch\/en\/category\/allgemein\/"},"img":{"alt_text":"","src":"https:\/\/i0.wp.com\/lms-privatschule.ch\/wp-content\/uploads\/2024\/11\/Titelbild.jpeg?fit=1200%2C843&ssl=1&resize=350%2C200","width":350,"height":200,"srcset":"https:\/\/i0.wp.com\/lms-privatschule.ch\/wp-content\/uploads\/2024\/11\/Titelbild.jpeg?fit=1200%2C843&ssl=1&resize=350%2C200 1x, https:\/\/i0.wp.com\/lms-privatschule.ch\/wp-content\/uploads\/2024\/11\/Titelbild.jpeg?fit=1200%2C843&ssl=1&resize=525%2C300 1.5x, https:\/\/i0.wp.com\/lms-privatschule.ch\/wp-content\/uploads\/2024\/11\/Titelbild.jpeg?fit=1200%2C843&ssl=1&resize=700%2C400 2x, https:\/\/i0.wp.com\/lms-privatschule.ch\/wp-content\/uploads\/2024\/11\/Titelbild.jpeg?fit=1200%2C843&ssl=1&resize=1050%2C600 3x"},"classes":[]},{"id":1309,"url":"https:\/\/lms-privatschule.ch\/en\/2024\/11\/25\/ein-funken-kreativitaet-unser-ausflug-zum-kerzenziehen-in-oetwil-an-der-limmat\/","url_meta":{"origin":1117,"position":5},"title":"Magnificent creativity: Our trip to candle making in Oetwil an der Limmat","author":"Victoria Asanin","date":"25. November 2024","format":false,"excerpt":"Letzte Woche haben wir mit unseren Sch\u00fclerinnen und Sch\u00fclern einen besonderen Ausflug unternommen \u2013 ins Nachbardorf Oetwil an der Limmat, um gemeinsam Kerzen zu ziehen. Es war ein Morgen voller Kreativit\u00e4t, Freude und vorweihnachtlicher Stimmung, der allen Sch\u00fclern bestimmt lange in Erinnerung bleiben wird. Schon beim Eintreffen in der gem\u00fctlichen\u2026","rel":"","context":"In &quot;Allgemein&quot;","block_context":{"text":"Allgemein","link":"https:\/\/lms-privatschule.ch\/en\/category\/allgemein\/"},"img":{"alt_text":"","src":"https:\/\/i0.wp.com\/lms-privatschule.ch\/wp-content\/uploads\/2024\/11\/IMG_3462.jpg?fit=1200%2C660&ssl=1&resize=350%2C200","width":350,"height":200,"srcset":"https:\/\/i0.wp.com\/lms-privatschule.ch\/wp-content\/uploads\/2024\/11\/IMG_3462.jpg?fit=1200%2C660&ssl=1&resize=350%2C200 1x, https:\/\/i0.wp.com\/lms-privatschule.ch\/wp-content\/uploads\/2024\/11\/IMG_3462.jpg?fit=1200%2C660&ssl=1&resize=525%2C300 1.5x, https:\/\/i0.wp.com\/lms-privatschule.ch\/wp-content\/uploads\/2024\/11\/IMG_3462.jpg?fit=1200%2C660&ssl=1&resize=700%2C400 2x, https:\/\/i0.wp.com\/lms-privatschule.ch\/wp-content\/uploads\/2024\/11\/IMG_3462.jpg?fit=1200%2C660&ssl=1&resize=1050%2C600 3x"},"classes":[]}],"jetpack_featured_media_url":"https:\/\/i0.wp.com\/lms-privatschule.ch\/wp-content\/uploads\/2024\/10\/IMG_1479.jpg?fit=1280%2C684&ssl=1","mfb_rest_fields":["title","jetpack_publicize_connections","jetpack_likes_enabled","jetpack_sharing_enabled","jetpack_shortlink","jetpack-related-posts","gutenberg_elementor_mode","jetpack_featured_media_url"],"_links":{"self":[{"href":"https:\/\/lms-privatschule.ch\/en\/wp-json\/wp\/v2\/posts\/1117","targetHints":{"allow":["GET"]}}],"collection":[{"href":"https:\/\/lms-privatschule.ch\/en\/wp-json\/wp\/v2\/posts"}],"about":[{"href":"https:\/\/lms-privatschule.ch\/en\/wp-json\/wp\/v2\/types\/post"}],"author":[{"embeddable":true,"href":"https:\/\/lms-privatschule.ch\/en\/wp-json\/wp\/v2\/users\/247063526"}],"replies":[{"embeddable":true,"href":"https:\/\/lms-privatschule.ch\/en\/wp-json\/wp\/v2\/comments?post=1117"}],"version-history":[{"count":3,"href":"https:\/\/lms-privatschule.ch\/en\/wp-json\/wp\/v2\/posts\/1117\/revisions"}],"predecessor-version":[{"id":1128,"href":"https:\/\/lms-privatschule.ch\/en\/wp-json\/wp\/v2\/posts\/1117\/revisions\/1128"}],"wp:featuredmedia":[{"embeddable":true,"href":"https:\/\/lms-privatschule.ch\/en\/wp-json\/wp\/v2\/media\/1129"}],"wp:attachment":[{"href":"https:\/\/lms-privatschule.ch\/en\/wp-json\/wp\/v2\/media?parent=1117"}],"wp:term":[{"taxonomy":"category","embeddable":true,"href":"https:\/\/lms-privatschule.ch\/en\/wp-json\/wp\/v2\/categories?post=1117"},{"taxonomy":"post_tag","embeddable":true,"href":"https:\/\/lms-privatschule.ch\/en\/wp-json\/wp\/v2\/tags?post=1117"}],"curies":[{"name":"wp","href":"https:\/\/api.w.org\/{rel}","templated":true}]}}